{"id":22243,"date":"2026-09-03T15:14:18","date_gmt":"2026-09-03T13:14:18","guid":{"rendered":"https:\/\/zalakaros.hu\/?p=22243"},"modified":"2026-09-03T15:14:27","modified_gmt":"2026-09-03T13:14:27","slug":"tajekoztato-foldi-szunyoggyeritesrol","status":"publish","type":"post","link":"https:\/\/zalakaros.hu\/de\/tajekoztato-foldi-szunyoggyeritesrol\/","title":{"rendered":"T\u00c1J\u00c9KOZTAT\u00d3 F\u00d6LDI SZ\u00daNYOGGY\u00c9R\u00cdT\u00c9SR\u0150L"},"content":{"rendered":"<p class=\"wp-block-paragraph\">Ez\u00faton \u00e9rtes\u00edtj\u00fck a lakoss\u00e1got, hogy telep\u00fcl\u00e9s\u00fcnk ter\u00fclet\u00e9n f\u00f6ldi \u00faton t\u00f6rt\u00e9n\u0151 sz\u00fanyoggy\u00e9r\u00edt\u00e9s ker\u00fcl elv\u00e9gz\u00e9sre.<\/p>\n\n\n\n<p class=\"wp-block-paragraph\">A kezel\u00e9s pontos id\u0151pontja:\u00a0<strong>2026. szeptember 07. napj\u00e1n,<\/strong>\u00a0<strong>napnyugta ut\u00e1ni \u00f3r\u00e1kban.<\/strong>\u00a0P\u00f3tnapok:\u00a0<strong>2026. szeptember 08-09.<\/strong>\u00a0napjai, ugyanebben az id\u0151ben.<\/p>\n\n\n\n<p class=\"wp-block-paragraph\"><strong>Alkalmazott k\u00e9sz\u00edtm\u00e9ny:<\/strong>&nbsp;Deltasect PR 1,2 ULV sz\u00fanyogirt\u00f3 folyad\u00e9k, vagy Deltasect PR 20 ULV sz\u00fanyogirt\u00f3 koncentr\u00e1tum, el\u0151\u00edr\u00e1s szerint h\u00edg\u00edt\u00e1sban. A k\u00e9sz\u00edtm\u00e9ny a kijuttatott csek\u00e9ly mennyis\u00e9gben (0,6-0,8 liter\/hekt\u00e1r) kiz\u00e1r\u00f3lag az \u00e9rz\u00e9kenyebb rovarokat puszt\u00edtja el, melegv\u00e9r\u0171 \u00e1llatokra, emberre nem vesz\u00e9lyes, hat\u00f3anyaga n\u00e9h\u00e1ny \u00f3ra alatt lebomlik.<\/p>\n\n\n\n<p class=\"wp-block-paragraph\"><strong>A lakoss\u00e1g r\u00e9sz\u00e9re javasolt int\u00e9zked\u00e9sek:<\/strong><\/p>\n\n\n\n<p class=\"wp-block-paragraph\">A szabadban t\u00e1rolt gyermekj\u00e1t\u00e9kokat, \u00e9lelmiszereket, ev\u0151eszk\u00f6z\u00f6ket, a szabadban sz\u00e1r\u00edtott ruh\u00e1kat, a kezel\u00e9s napj\u00e1n javasolt \u00f6sszegy\u0171jteni vagy letakarni. A kezel\u00e9s idej\u00e9re \u00e9s az azt k\u00f6vet\u0151 1 \u00f3r\u00e1ban javasolt az ablakokat, ajt\u00f3kat z\u00e1rva tartani \u00e9s a k\u00fcls\u0151 leveg\u0151t bejuttat\u00f3 mesters\u00e9ges szell\u0151ztet\u0151 berendez\u00e9seket kikapcsolni. A kezelt ter\u00fcleten term\u0151 z\u00f6lds\u00e9geket, gy\u00fcm\u00f6lcs\u00f6ket fogyaszt\u00e1s vagy feldolgoz\u00e1s el\u0151tt aj\u00e1nlott megmosni. A kezel\u00e9st v\u00e9gz\u0151 g\u00e9pkocsi k\u00f6zvetlen k\u00f6zel\u00e9ben tart\u00f3zkodni nem szabad.<\/p>\n\n\n\n<p class=\"wp-block-paragraph\">A szabadban, fedetlen\u00fcl t\u00e1rolt v\u00edzgy\u0171jt\u0151 ed\u00e9nyekben, a k\u00fcl\u00f6nb\u00f6z\u0151 t\u00e1rgyakban meg\u00fcl\u0151 es\u0151v\u00edzben ak\u00e1r egy h\u00e9t alatt is kifejl\u0151dhetnek a sz\u00fanyogl\u00e1rv\u00e1k. A sz\u00fanyogirt\u00f3 kezel\u00e9s kieg\u00e9sz\u00edt\u00e9sek\u00e9nt aj\u00e1nlott, hogy az ingatlantulajdonosok sz\u00fcntess\u00e9k meg, rendszeresen \u00fcr\u00edts\u00e9k vagy takarj\u00e1k le az \u00e9p\u00fcletek k\u00f6r\u00fcli kisebb, pang\u00f3 v\u00edzgy\u00fclemeket.<\/p>\n\n\n\n<p class=\"wp-block-paragraph\"><\/p>","protected":false},"excerpt":{"rendered":"<p>Ez\u00faton \u00e9rtes\u00edtj\u00fck a lakoss\u00e1got, hogy telep\u00fcl\u00e9s\u00fcnk ter\u00fclet\u00e9n f\u00f6ldi \u00faton t\u00f6rt\u00e9n\u0151 sz\u00fanyoggy\u00e9r\u00edt\u00e9s ker\u00fcl elv\u00e9gz\u00e9sre. A kezel\u00e9s pontos id\u0151pontja:\u00a02026. szeptember 07. napj\u00e1n,\u00a0napnyugta ut\u00e1ni \u00f3r\u00e1kban.\u00a0P\u00f3tnapok:\u00a02026. szeptember 08-09.\u00a0napjai, ugyanebben az id\u0151ben. Alkalmazott k\u00e9sz\u00edtm\u00e9ny:&nbsp;Deltasect PR [&hellip;]<\/p>\n","protected":false},"author":19,"featured_media":19294,"comment_status":"closed","ping_status":"open","sticky":false,"template":"","format":"standard","meta":{"_acf_changed":false,"footnotes":""},"categories":[22],"tags":[],"class_list":["post-22243","post","type-post","status-publish","format-standard","has-post-thumbnail","hentry","category-hirek"],"acf":[],"_links":{"self":[{"href":"https:\/\/zalakaros.hu\/de\/wp-json\/wp\/v2\/posts\/22243","targetHints":{"allow":["GET"]}}],"collection":[{"href":"https:\/\/zalakaros.hu\/de\/wp-json\/wp\/v2\/posts"}],"about":[{"href":"https:\/\/zalakaros.hu\/de\/wp-json\/wp\/v2\/types\/post"}],"author":[{"embeddable":true,"href":"https:\/\/zalakaros.hu\/de\/wp-json\/wp\/v2\/users\/19"}],"replies":[{"embeddable":true,"href":"https:\/\/zalakaros.hu\/de\/wp-json\/wp\/v2\/comments?post=22243"}],"version-history":[{"count":1,"href":"https:\/\/zalakaros.hu\/de\/wp-json\/wp\/v2\/posts\/22243\/revisions"}],"predecessor-version":[{"id":22276,"href":"https:\/\/zalakaros.hu\/de\/wp-json\/wp\/v2\/posts\/22243\/revisions\/22276"}],"wp:featuredmedia":[{"embeddable":true,"href":"https:\/\/zalakaros.hu\/de\/wp-json\/wp\/v2\/media\/19294"}],"wp:attachment":[{"href":"https:\/\/zalakaros.hu\/de\/wp-json\/wp\/v2\/media?parent=22243"}],"wp:term":[{"taxonomy":"category","embeddable":true,"href":"https:\/\/zalakaros.hu\/de\/wp-json\/wp\/v2\/categories?post=22243"},{"taxonomy":"post_tag","embeddable":true,"href":"https:\/\/zalakaros.hu\/de\/wp-json\/wp\/v2\/tags?post=22243"}],"curies":[{"name":"wp","href":"https:\/\/api.w.org\/{rel}","templated":true}]}}