{"id":22072,"date":"2026-08-28T13:09:53","date_gmt":"2026-08-28T11:09:53","guid":{"rendered":"https:\/\/zalakaros.hu\/?p=22072"},"modified":"2026-08-28T13:09:59","modified_gmt":"2026-08-28T11:09:59","slug":"tisztelt-lakossag","status":"publish","type":"post","link":"https:\/\/zalakaros.hu\/en\/tisztelt-lakossag\/","title":{"rendered":"Tisztelt Lakoss\u00e1g!"},"content":{"rendered":"<p class=\"wp-block-paragraph\">\u00c9rtes\u00edtem, hogy a Magyar Honv\u00e9ds\u00e9g Bauer Gyula 5. Ter\u00fcletv\u00e9delmi Ezred \u00e9s a Magyar Honv\u00e9ds\u00e9g 64. Bocon\u00e1di Szab\u00f3 J\u00f3zsef Logisztikai Ezred kijel\u00f6lt \u00e1llom\u00e1nya <strong>2026. szeptember <\/strong>h\u00f3napban az al\u00e1bbi napokon \u00e9lesl\u00f6v\u00e9szetet tervez v\u00e9grehajtani <strong>Nagykanizsa Gyakorl\u00f3- \u00e9s L\u0151t\u00e9r<\/strong>en:<\/p>\n\n\n\n<p class=\"wp-block-paragraph\"><br><strong>2026. szeptember 28-29. <\/strong>(h\u00e9tf\u0151-kedd) 08.00 \u00e9s 20.00 k\u00f6z\u00f6tt.<\/p>\n\n\n\n<p class=\"wp-block-paragraph\">A fenti id\u0151szakban <strong>megn\u00f6vekedett g\u00e9pj\u00e1rm\u0171mozg\u00e1s<\/strong>ra \u00e9s <strong>fokozott hanghat\u00e1s<\/strong>ra kell sz\u00e1m\u00edtani a gyakorl\u00f3t\u00e9ren \u00e9s annak k\u00f6zel\u00e9ben a kik\u00e9pz\u00e9si foglalkoz\u00e1sok sor\u00e1n. K\u00e9rem, hogy a l\u00f6v\u00e9szetek, kik\u00e9pz\u00e9si rendezv\u00e9nyek id\u0151pontjair\u00f3l \u00e9rtes\u00edtse a hat\u00e1sk\u00f6r\u00e9be tartoz\u00f3 els\u0151seg\u00e9lyny\u00fajt\u00f3 \u00e1llom\u00e1st, a lakoss\u00e1got \u00e9s a l\u0151- \u00e9s gyakorl\u00f3t\u00e9r k\u00f6zel\u00e9ben sz\u00e9khellyel rendelkez\u0151 c\u00e9geket, v\u00e1llalkoz\u00e1sokat, vad\u00e1szt\u00e1rsas\u00e1gokat. A jelzett id\u0151pontban a l\u0151- \u00e9s gyakorl\u00f3t\u00e9ren \u00e9s annak biztons\u00e1gi ter\u00fclet\u00e9n bel\u00fcl illet\u00e9ktelen szem\u00e9lyek tart\u00f3zkod\u00e1sa tilos \u00e9s \u00e9letvesz\u00e9lyes!<\/p>","protected":false},"excerpt":{"rendered":"<p>\u00c9rtes\u00edtem, hogy a Magyar Honv\u00e9ds\u00e9g Bauer Gyula 5. Ter\u00fcletv\u00e9delmi Ezred \u00e9s a Magyar Honv\u00e9ds\u00e9g 64. Bocon\u00e1di Szab\u00f3 J\u00f3zsef Logisztikai Ezred kijel\u00f6lt \u00e1llom\u00e1nya 2026. szeptember h\u00f3napban az al\u00e1bbi napokon \u00e9lesl\u00f6v\u00e9szetet tervez [&hellip;]<\/p>\n","protected":false},"author":18,"featured_media":22073,"comment_status":"closed","ping_status":"open","sticky":false,"template":"","format":"standard","meta":{"_acf_changed":false,"footnotes":""},"categories":[22],"tags":[],"class_list":["post-22072","post","type-post","status-publish","format-standard","has-post-thumbnail","hentry","category-hirek"],"acf":[],"_links":{"self":[{"href":"https:\/\/zalakaros.hu\/en\/wp-json\/wp\/v2\/posts\/22072","targetHints":{"allow":["GET"]}}],"collection":[{"href":"https:\/\/zalakaros.hu\/en\/wp-json\/wp\/v2\/posts"}],"about":[{"href":"https:\/\/zalakaros.hu\/en\/wp-json\/wp\/v2\/types\/post"}],"author":[{"embeddable":true,"href":"https:\/\/zalakaros.hu\/en\/wp-json\/wp\/v2\/users\/18"}],"replies":[{"embeddable":true,"href":"https:\/\/zalakaros.hu\/en\/wp-json\/wp\/v2\/comments?post=22072"}],"version-history":[{"count":1,"href":"https:\/\/zalakaros.hu\/en\/wp-json\/wp\/v2\/posts\/22072\/revisions"}],"predecessor-version":[{"id":22074,"href":"https:\/\/zalakaros.hu\/en\/wp-json\/wp\/v2\/posts\/22072\/revisions\/22074"}],"wp:featuredmedia":[{"embeddable":true,"href":"https:\/\/zalakaros.hu\/en\/wp-json\/wp\/v2\/media\/22073"}],"wp:attachment":[{"href":"https:\/\/zalakaros.hu\/en\/wp-json\/wp\/v2\/media?parent=22072"}],"wp:term":[{"taxonomy":"category","embeddable":true,"href":"https:\/\/zalakaros.hu\/en\/wp-json\/wp\/v2\/categories?post=22072"},{"taxonomy":"post_tag","embeddable":true,"href":"https:\/\/zalakaros.hu\/en\/wp-json\/wp\/v2\/tags?post=22072"}],"curies":[{"name":"wp","href":"https:\/\/api.w.org\/{rel}","templated":true}]}}